{"id":93388,"date":"2019-02-28T08:00:04","date_gmt":"2019-02-28T13:00:04","guid":{"rendered":"https:\/\/biblio.brossard.ca\/brossardana\/?p=93388"},"modified":"2020-06-16T17:04:22","modified_gmt":"2020-06-16T21:04:22","slug":"les-melodistes","status":"publish","type":"post","link":"https:\/\/biblio.brossard.ca\/brossardana\/2019\/02\/28\/les-melodistes\/","title":{"rendered":"Les M\u00e9lodistes de Brossard"},"content":{"rendered":"<p style=\"text-align:justify;\">Parmi les associations \u00e0 Brossard, on retrouve la chorale Les M\u00e9lodistes qui a vu le jour en 1969.<\/p>\n<p style=\"text-align:justify;\">Soucieuse de s\u2019ancrer v\u00e9ritablement dans sa communaut\u00e9, Les M\u00e9lodistes ont contribu\u00e9 \u00e0 diff\u00e9rentes collectes de fonds pour diff\u00e9rents organismes locaux, notamment pour la Fondation Entraide de Brossard depuis 2004. C\u2019est d\u2019ailleurs cette formation qui a inaugur\u00e9 la fameuse salle de spectacle L\u2019\u00c9toile situ\u00e9e dans le quartier DIX30 en 2008. Notons \u00e9galement que la directrice de la chorale brossardoise des 25 derni\u00e8res ann\u00e9es, Marl\u00e8ne Gaudet, est r\u00e9cipiendaire de l\u2019Ordre du m\u00e9rite de la Ville de Brossard. Pour en conna\u00eetre davantage, vous pouvez visiter la <a href=\"https:\/\/www.facebook.com\/Melodistes\/\" target=\"_blank\" rel=\"noopener noreferrer\">page Facebook de la chorale<\/a>.<\/p>\n<hr \/>\n\n\t\t<style type=\"text\/css\">\n\t\t\t#gallery-1 {\n\t\t\t\tmargin: auto;\n\t\t\t}\n\t\t\t#gallery-1 .gallery-item {\n\t\t\t\tfloat: left;\n\t\t\t\tmargin-top: 10px;\n\t\t\t\ttext-align: center;\n\t\t\t\twidth: 33%;\n\t\t\t}\n\t\t\t#gallery-1 img {\n\t\t\t\tborder: 2px solid #cfcfcf;\n\t\t\t}\n\t\t\t#gallery-1 .gallery-caption {\n\t\t\t\tmargin-left: 0;\n\t\t\t}\n\t\t\t\/* see gallery_shortcode() in wp-includes\/media.php *\/\n\t\t<\/style>\n\t\t<div data-carousel-extra='{&quot;blog_id&quot;:1,&quot;permalink&quot;:&quot;https:\/\/biblio.brossard.ca\/brossardana\/2019\/02\/28\/les-melodistes\/&quot;}' id='gallery-1' class='gallery galleryid-93388 gallery-columns-3 gallery-size-thumbnail'><dl class='gallery-item'>\n\t\t\t<dt class='gallery-icon landscape'>\n\t\t\t\t<a href='https:\/\/biblio.brossard.ca\/brossardana\/2019\/02\/28\/les-melodistes\/melodistes_127-914-1v\/'><img loading=\"lazy\" decoding=\"async\" width=\"150\" height=\"150\" src=\"https:\/\/biblio.brossard.ca\/brossardana\/wp-content\/uploads\/2020\/06\/melodistes_127.914.1V-150x150.jpg\" class=\"attachment-thumbnail size-thumbnail\" alt=\"\" data-attachment-id=\"93580\" data-permalink=\"https:\/\/biblio.brossard.ca\/brossardana\/2019\/02\/28\/les-melodistes\/melodistes_127-914-1v\/\" data-orig-file=\"https:\/\/biblio.brossard.ca\/brossardana\/wp-content\/uploads\/2020\/06\/melodistes_127.914.1V.jpg\" data-orig-size=\"1389,604\" data-comments-opened=\"0\" data-image-meta=\"{&quot;aperture&quot;:&quot;0&quot;,&quot;credit&quot;:&quot;&quot;,&quot;camera&quot;:&quot;&quot;,&quot;caption&quot;:&quot;&quot;,&quot;created_timestamp&quot;:&quot;0&quot;,&quot;copyright&quot;:&quot;&quot;,&quot;focal_length&quot;:&quot;0&quot;,&quot;iso&quot;:&quot;0&quot;,&quot;shutter_speed&quot;:&quot;0&quot;,&quot;title&quot;:&quot;&quot;,&quot;orientation&quot;:&quot;0&quot;}\" data-image-title=\"Les M\u00e9lodistes de Brossard 1976\" data-image-description=\"&lt;p&gt;Chanteurs; Chanteuses; M\u00e9lodistes de Brossard, 1976; Hudon, Julien;&lt;\/p&gt;\n\" data-image-caption=\"\" data-medium-file=\"https:\/\/biblio.brossard.ca\/brossardana\/wp-content\/uploads\/2020\/06\/melodistes_127.914.1V-300x130.jpg\" data-large-file=\"https:\/\/biblio.brossard.ca\/brossardana\/wp-content\/uploads\/2020\/06\/melodistes_127.914.1V-1024x445.jpg\" \/><\/a>\n\t\t\t<\/dt><\/dl><dl class='gallery-item'>\n\t\t\t<dt class='gallery-icon landscape'>\n\t\t\t\t<a href='https:\/\/biblio.brossard.ca\/brossardana\/2019\/02\/28\/les-melodistes\/melodistes_129-22-1v\/'><img loading=\"lazy\" decoding=\"async\" width=\"150\" height=\"150\" src=\"https:\/\/biblio.brossard.ca\/brossardana\/wp-content\/uploads\/2020\/06\/melodistes_129.22.1V-150x150.jpg\" class=\"attachment-thumbnail size-thumbnail\" alt=\"\" data-attachment-id=\"93583\" data-permalink=\"https:\/\/biblio.brossard.ca\/brossardana\/2019\/02\/28\/les-melodistes\/melodistes_129-22-1v\/\" data-orig-file=\"https:\/\/biblio.brossard.ca\/brossardana\/wp-content\/uploads\/2020\/06\/melodistes_129.22.1V.jpg\" data-orig-size=\"1939,1492\" data-comments-opened=\"0\" data-image-meta=\"{&quot;aperture&quot;:&quot;0&quot;,&quot;credit&quot;:&quot;&quot;,&quot;camera&quot;:&quot;&quot;,&quot;caption&quot;:&quot;&quot;,&quot;created_timestamp&quot;:&quot;0&quot;,&quot;copyright&quot;:&quot;&quot;,&quot;focal_length&quot;:&quot;0&quot;,&quot;iso&quot;:&quot;0&quot;,&quot;shutter_speed&quot;:&quot;0&quot;,&quot;title&quot;:&quot;&quot;,&quot;orientation&quot;:&quot;0&quot;}\" data-image-title=\"Les M\u00e9lodistes de Brossard 1992\" data-image-description=\"&lt;p&gt;Chanteurs; Chanteuses; M\u00e9lodistes de Brossard, 1992; Duquette, France;&lt;\/p&gt;\n\" data-image-caption=\"\" data-medium-file=\"https:\/\/biblio.brossard.ca\/brossardana\/wp-content\/uploads\/2020\/06\/melodistes_129.22.1V-300x231.jpg\" data-large-file=\"https:\/\/biblio.brossard.ca\/brossardana\/wp-content\/uploads\/2020\/06\/melodistes_129.22.1V-1024x788.jpg\" \/><\/a>\n\t\t\t<\/dt><\/dl><dl class='gallery-item'>\n\t\t\t<dt class='gallery-icon landscape'>\n\t\t\t\t<a href='https:\/\/biblio.brossard.ca\/brossardana\/2019\/02\/28\/les-melodistes\/melodistes_120-538-1v\/'><img loading=\"lazy\" decoding=\"async\" width=\"150\" height=\"150\" src=\"https:\/\/biblio.brossard.ca\/brossardana\/wp-content\/uploads\/2020\/06\/melodistes_120.538.1V-150x150.jpg\" class=\"attachment-thumbnail size-thumbnail\" alt=\"\" data-attachment-id=\"93578\" data-permalink=\"https:\/\/biblio.brossard.ca\/brossardana\/2019\/02\/28\/les-melodistes\/melodistes_120-538-1v\/\" data-orig-file=\"https:\/\/biblio.brossard.ca\/brossardana\/wp-content\/uploads\/2020\/06\/melodistes_120.538.1V.jpg\" data-orig-size=\"2123,1142\" data-comments-opened=\"0\" data-image-meta=\"{&quot;aperture&quot;:&quot;0&quot;,&quot;credit&quot;:&quot;&quot;,&quot;camera&quot;:&quot;&quot;,&quot;caption&quot;:&quot;&quot;,&quot;created_timestamp&quot;:&quot;0&quot;,&quot;copyright&quot;:&quot;&quot;,&quot;focal_length&quot;:&quot;0&quot;,&quot;iso&quot;:&quot;0&quot;,&quot;shutter_speed&quot;:&quot;0&quot;,&quot;title&quot;:&quot;&quot;,&quot;orientation&quot;:&quot;0&quot;}\" data-image-title=\"Les M\u00e9lodistes de Brossard 2002\" data-image-description=\"&lt;p&gt;Chanteurs; Chanteuses; M\u00e9lodistes de Brossard, 2002; Arsenault Gaudet, Marlene;&lt;\/p&gt;\n\" data-image-caption=\"\" data-medium-file=\"https:\/\/biblio.brossard.ca\/brossardana\/wp-content\/uploads\/2020\/06\/melodistes_120.538.1V-300x161.jpg\" data-large-file=\"https:\/\/biblio.brossard.ca\/brossardana\/wp-content\/uploads\/2020\/06\/melodistes_120.538.1V-1024x551.jpg\" \/><\/a>\n\t\t\t<\/dt><\/dl><br style=\"clear: both\" \/><dl class='gallery-item'>\n\t\t\t<dt class='gallery-icon landscape'>\n\t\t\t\t<a href='https:\/\/biblio.brossard.ca\/brossardana\/2019\/02\/28\/les-melodistes\/melodistes_120-539-1v\/'><img loading=\"lazy\" decoding=\"async\" width=\"150\" height=\"150\" src=\"https:\/\/biblio.brossard.ca\/brossardana\/wp-content\/uploads\/2020\/06\/melodistes_120.539.1V-150x150.jpg\" class=\"attachment-thumbnail size-thumbnail\" alt=\"\" data-attachment-id=\"93579\" data-permalink=\"https:\/\/biblio.brossard.ca\/brossardana\/2019\/02\/28\/les-melodistes\/melodistes_120-539-1v\/\" data-orig-file=\"https:\/\/biblio.brossard.ca\/brossardana\/wp-content\/uploads\/2020\/06\/melodistes_120.539.1V.jpg\" data-orig-size=\"1413,969\" data-comments-opened=\"0\" data-image-meta=\"{&quot;aperture&quot;:&quot;0&quot;,&quot;credit&quot;:&quot;&quot;,&quot;camera&quot;:&quot;&quot;,&quot;caption&quot;:&quot;&quot;,&quot;created_timestamp&quot;:&quot;0&quot;,&quot;copyright&quot;:&quot;&quot;,&quot;focal_length&quot;:&quot;0&quot;,&quot;iso&quot;:&quot;0&quot;,&quot;shutter_speed&quot;:&quot;0&quot;,&quot;title&quot;:&quot;&quot;,&quot;orientation&quot;:&quot;0&quot;}\" data-image-title=\"Les M\u00e9lodistes de Brossard 2007\" data-image-description=\"&lt;p&gt;Chanteurs; Chanteuses; M\u00e9lodistes de Brossard, 2007;  Arsenault Gaudet, Marlene;&lt;\/p&gt;\n\" data-image-caption=\"\" data-medium-file=\"https:\/\/biblio.brossard.ca\/brossardana\/wp-content\/uploads\/2020\/06\/melodistes_120.539.1V-300x206.jpg\" data-large-file=\"https:\/\/biblio.brossard.ca\/brossardana\/wp-content\/uploads\/2020\/06\/melodistes_120.539.1V-1024x702.jpg\" \/><\/a>\n\t\t\t<\/dt><\/dl><dl class='gallery-item'>\n\t\t\t<dt class='gallery-icon portrait'>\n\t\t\t\t<a href='https:\/\/biblio.brossard.ca\/brossardana\/2019\/02\/28\/les-melodistes\/melodistes_128-950-1v\/'><img loading=\"lazy\" decoding=\"async\" width=\"150\" height=\"150\" src=\"https:\/\/biblio.brossard.ca\/brossardana\/wp-content\/uploads\/2020\/06\/melodistes_128.950.1V-150x150.jpg\" class=\"attachment-thumbnail size-thumbnail\" alt=\"\" data-attachment-id=\"93581\" data-permalink=\"https:\/\/biblio.brossard.ca\/brossardana\/2019\/02\/28\/les-melodistes\/melodistes_128-950-1v\/\" data-orig-file=\"https:\/\/biblio.brossard.ca\/brossardana\/wp-content\/uploads\/2020\/06\/melodistes_128.950.1V.jpg\" data-orig-size=\"1286,1355\" data-comments-opened=\"0\" data-image-meta=\"{&quot;aperture&quot;:&quot;0&quot;,&quot;credit&quot;:&quot;&quot;,&quot;camera&quot;:&quot;&quot;,&quot;caption&quot;:&quot;&quot;,&quot;created_timestamp&quot;:&quot;0&quot;,&quot;copyright&quot;:&quot;&quot;,&quot;focal_length&quot;:&quot;0&quot;,&quot;iso&quot;:&quot;0&quot;,&quot;shutter_speed&quot;:&quot;0&quot;,&quot;title&quot;:&quot;&quot;,&quot;orientation&quot;:&quot;0&quot;}\" data-image-title=\"Denys Lavergne\" data-image-description=\"&lt;p&gt;Chanteurs; M\u00e9lodistes de Brossard, 1992; Lavergne, Denys;&lt;\/p&gt;\n\" data-image-caption=\"\" data-medium-file=\"https:\/\/biblio.brossard.ca\/brossardana\/wp-content\/uploads\/2020\/06\/melodistes_128.950.1V-285x300.jpg\" data-large-file=\"https:\/\/biblio.brossard.ca\/brossardana\/wp-content\/uploads\/2020\/06\/melodistes_128.950.1V-972x1024.jpg\" \/><\/a>\n\t\t\t<\/dt><\/dl>\n\t\t\t<br style='clear: both' \/>\n\t\t<\/div>\n\n<p style=\"text-align:right;\"><small>G. Bourque \/ Biblioth\u00e8que de Brossard Georgette-Lepage<\/small><\/p>\n","protected":false},"excerpt":{"rendered":"<p>Parmi les associations \u00e0 Brossard, on retrouve la chorale Les M\u00e9lodistes qui a vu le jour en 1969. Soucieuse de s\u2019ancrer v\u00e9ritablement dans sa communaut\u00e9, Les M\u00e9lodistes ont contribu\u00e9 \u00e0 diff\u00e9rentes collectes de fonds pour diff\u00e9rents organismes locaux, notamment pour &hellip; <a href=\"https:\/\/biblio.brossard.ca\/brossardana\/2019\/02\/28\/les-melodistes\/\">Continuer la lecture <span class=\"meta-nav\">&rarr;<\/span><\/a><\/p>\n","protected":false},"author":1,"featured_media":0,"comment_status":"closed","ping_status":"closed","sticky":false,"template":"","format":"gallery","meta":{"_monsterinsights_skip_tracking":false,"_monsterinsights_sitenote_active":false,"_monsterinsights_sitenote_note":"","_monsterinsights_sitenote_category":0,"jetpack_post_was_ever_published":false,"_jetpack_newsletter_access":"","_jetpack_dont_email_post_to_subs":false,"_jetpack_newsletter_tier_id":0,"_jetpack_memberships_contains_paywalled_content":false,"_jetpack_memberships_contains_paid_content":false,"footnotes":""},"categories":[63],"tags":[],"class_list":["post-93388","post","type-post","status-publish","format-gallery","hentry","category-vivre-a-brossard","post_format-post-format-gallery"],"jetpack_featured_media_url":"","jetpack_sharing_enabled":true,"jetpack-related-posts":[{"id":93548,"url":"https:\/\/biblio.brossard.ca\/brossardana\/2020\/06\/16\/les-melodistes-en-jamaique\/","url_meta":{"origin":93388,"position":0},"title":"Les M\u00e9lodistes en Jama\u00efque","author":"Biblioth\u00e8que de Brossard","date":"16 juin 2020","format":"gallery","excerpt":"Parmi les associations \u00e0 Brossard, on retrouve la chorale Les M\u00e9lodistes qui a vu le jour en 1969. Si la chorale pr\u00e9sente depuis sa naissance de nombreux concerts dans la ville de Brossard et la r\u00e9gion, diff\u00e9rentes occasions lui ont permis de porter sa voix plus loin : Ontario, \u00cele-du-Prince-\u00c9douard,\u2026","rel":"","context":"Dans &quot;Vivre \u00e0 Brossard&quot;","block_context":{"text":"Vivre \u00e0 Brossard","link":"https:\/\/biblio.brossard.ca\/brossardana\/category\/vivre-a-brossard\/"},"img":{"alt_text":"Les M\u00e9lodistes de Brossard en Jama\u00efque","src":"https:\/\/i0.wp.com\/biblio.brossard.ca\/brossardana\/wp-content\/uploads\/2013\/07\/vie_communautaire_127.388.1Vw-150x150.jpg?resize=350%2C200&ssl=1","width":350,"height":200,"srcset":"https:\/\/i0.wp.com\/biblio.brossard.ca\/brossardana\/wp-content\/uploads\/2013\/07\/vie_communautaire_127.388.1Vw-150x150.jpg?resize=350%2C200&ssl=1 1x, https:\/\/i0.wp.com\/biblio.brossard.ca\/brossardana\/wp-content\/uploads\/2013\/07\/vie_communautaire_127.388.1Vw-150x150.jpg?resize=525%2C300&ssl=1 1.5x, https:\/\/i0.wp.com\/biblio.brossard.ca\/brossardana\/wp-content\/uploads\/2013\/07\/vie_communautaire_127.388.1Vw-150x150.jpg?resize=700%2C400&ssl=1 2x, https:\/\/i0.wp.com\/biblio.brossard.ca\/brossardana\/wp-content\/uploads\/2013\/07\/vie_communautaire_127.388.1Vw-150x150.jpg?resize=1050%2C600&ssl=1 3x, https:\/\/i0.wp.com\/biblio.brossard.ca\/brossardana\/wp-content\/uploads\/2013\/07\/vie_communautaire_127.388.1Vw-150x150.jpg?resize=1400%2C800&ssl=1 4x"},"classes":[]},{"id":93068,"url":"https:\/\/biblio.brossard.ca\/brossardana\/2018\/12\/14\/brossard-ville-multiculturelle\/","url_meta":{"origin":93388,"position":1},"title":"Brossard, ville multiculturelle","author":"Biblioth\u00e8que de Brossard","date":"14 d\u00e9cembre 2018","format":"gallery","excerpt":"L\u2019une des forces de la ville de Brossard r\u00e9side dans sa grande diversit\u00e9 culturelle retrouv\u00e9e sur l\u2019ensemble de son territoire. Cette diversit\u00e9 ne date pas d\u2019hier : d\u00e9j\u00e0, selon le recensement de 1971, 13,1 % de la population est multiculturelle. Aujourd\u2019hui, en 2018, 37 % de la population brossardoise provient\u2026","rel":"","context":"Dans &quot;Vivre \u00e0 Brossard&quot;","block_context":{"text":"Vivre \u00e0 Brossard","link":"https:\/\/biblio.brossard.ca\/brossardana\/category\/vivre-a-brossard\/"},"img":{"alt_text":"","src":"","width":0,"height":0},"classes":[]},{"id":272,"url":"https:\/\/biblio.brossard.ca\/brossardana\/2013\/07\/22\/le-sport-au-fil-des-annees\/","url_meta":{"origin":93388,"position":2},"title":"Le sport au fil des ann\u00e9es","author":"Biblioth\u00e8que de Brossard","date":"22 juillet 2013","format":"gallery","excerpt":"Tout le monde vous le dira, l\u2019activit\u00e9 physique, c\u2019est bon pour la sant\u00e9\u2009! Et les Brossardois sont depuis toujours des gens actifs. Les nombreuses \u00e9quipes sportives de la ville ainsi que la vari\u00e9t\u00e9 d\u2019\u00e9v\u00e9nements sportifs dont elle se fait h\u00f4tesse en t\u00e9moignent vivement. Les sports couverts par les diff\u00e9rentes associations\u2026","rel":"","context":"Dans &quot;Sports&quot;","block_context":{"text":"Sports","link":"https:\/\/biblio.brossard.ca\/brossardana\/category\/sports\/"},"img":{"alt_text":"","src":"https:\/\/i0.wp.com\/biblio.brossard.ca\/brossardana\/wp-content\/uploads\/2016\/08\/accueil_129-441-11.jpg?resize=350%2C200&ssl=1","width":350,"height":200},"classes":[]},{"id":93526,"url":"https:\/\/biblio.brossard.ca\/brossardana\/2019\/06\/15\/complexe-aquatique-de-brossard\/","url_meta":{"origin":93388,"position":3},"title":"Complexe aquatique de Brossard","author":"Biblioth\u00e8que de Brossard","date":"15 juin 2019","format":"gallery","excerpt":"\u00c0 l\u2019automne 2017 s\u2019est amorc\u00e9e la construction du nouveau Complexe aquatique de Brossard. Celui-ci permettra \u00e0 la Ville d\u2019offrir un \u00e9quipement aquatique moderne qui permettra d\u2019accueillir autant des activit\u00e9s r\u00e9cr\u00e9atives que des activit\u00e9s comp\u00e9titives de haut niveau. Le futur complexe pourra accueillir de cette fa\u00e7on de nombreux \u00e9v\u00e9nements sportifs susceptibles\u2026","rel":"","context":"Dans &quot;B\u00e2timents et sites d\u2019int\u00e9r\u00eat&quot;","block_context":{"text":"B\u00e2timents et sites d\u2019int\u00e9r\u00eat","link":"https:\/\/biblio.brossard.ca\/brossardana\/category\/batiments-et-sites-dinteret\/"},"img":{"alt_text":"","src":"","width":0,"height":0},"classes":[]},{"id":93207,"url":"https:\/\/biblio.brossard.ca\/brossardana\/2019\/01\/17\/lhotel-de-ville\/","url_meta":{"origin":93388,"position":4},"title":"L\u2019H\u00f4tel de ville","author":"Biblioth\u00e8que de Brossard","date":"17 janvier 2019","format":"gallery","excerpt":"Au moment de la fondation de la Ville de Brossard en 1958, il n\u2019existe aucun h\u00f4tel de ville pour accueillir le conseil municipal. Ce dernier prend donc place dans les locaux d\u2019une petite \u00e9cole, situ\u00e9e \u00e0 l\u2019\u00e9poque sur le boulevard Marie-Victorin. Il faut attendre l\u2019ann\u00e9e 1962 pour que le conseil\u2026","rel":"","context":"Dans &quot;B\u00e2timents et sites d\u2019int\u00e9r\u00eat&quot;","block_context":{"text":"B\u00e2timents et sites d\u2019int\u00e9r\u00eat","link":"https:\/\/biblio.brossard.ca\/brossardana\/category\/batiments-et-sites-dinteret\/"},"img":{"alt_text":"","src":"https:\/\/i0.wp.com\/biblio.brossard.ca\/brossardana\/wp-content\/uploads\/2019\/01\/hotel_ville-150x150.jpg?resize=350%2C200&ssl=1","width":350,"height":200,"srcset":"https:\/\/i0.wp.com\/biblio.brossard.ca\/brossardana\/wp-content\/uploads\/2019\/01\/hotel_ville-150x150.jpg?resize=350%2C200&ssl=1 1x, https:\/\/i0.wp.com\/biblio.brossard.ca\/brossardana\/wp-content\/uploads\/2019\/01\/hotel_ville-150x150.jpg?resize=525%2C300&ssl=1 1.5x, https:\/\/i0.wp.com\/biblio.brossard.ca\/brossardana\/wp-content\/uploads\/2019\/01\/hotel_ville-150x150.jpg?resize=700%2C400&ssl=1 2x, https:\/\/i0.wp.com\/biblio.brossard.ca\/brossardana\/wp-content\/uploads\/2019\/01\/hotel_ville-150x150.jpg?resize=1050%2C600&ssl=1 3x, https:\/\/i0.wp.com\/biblio.brossard.ca\/brossardana\/wp-content\/uploads\/2019\/01\/hotel_ville-150x150.jpg?resize=1400%2C800&ssl=1 4x"},"classes":[]},{"id":91305,"url":"https:\/\/biblio.brossard.ca\/brossardana\/2013\/12\/29\/deux-femmes-en-or\/","url_meta":{"origin":93388,"position":5},"title":"La maison de Deux femmes en or","author":"Biblioth\u00e8que de Brossard","date":"29 d\u00e9cembre 2013","format":"gallery","excerpt":"Deux femmes en or, l\u2019un des plus grand succ\u00e8s du cin\u00e9ma qu\u00e9b\u00e9cois en son temps, est un film de Claude Fournier qui a \u00e9t\u00e9 principalement tourn\u00e9 \u00e0 l\u2019int\u00e9rieur de deux maisons situ\u00e9es dans le quartier \u00abM\u00bb de Brossard. Ce film culte s\u2019il en est, plut\u00f4t volage et coquin, qui met\u2026","rel":"","context":"Dans &quot;Arts&quot;","block_context":{"text":"Arts","link":"https:\/\/biblio.brossard.ca\/brossardana\/category\/arts\/"},"img":{"alt_text":"","src":"https:\/\/i0.wp.com\/biblio.brossard.ca\/brossardana\/wp-content\/uploads\/2013\/12\/deux_femmes_or_318.316.1Vw-150x150.jpg?resize=350%2C200&ssl=1","width":350,"height":200,"srcset":"https:\/\/i0.wp.com\/biblio.brossard.ca\/brossardana\/wp-content\/uploads\/2013\/12\/deux_femmes_or_318.316.1Vw-150x150.jpg?resize=350%2C200&ssl=1 1x, https:\/\/i0.wp.com\/biblio.brossard.ca\/brossardana\/wp-content\/uploads\/2013\/12\/deux_femmes_or_318.316.1Vw-150x150.jpg?resize=525%2C300&ssl=1 1.5x, https:\/\/i0.wp.com\/biblio.brossard.ca\/brossardana\/wp-content\/uploads\/2013\/12\/deux_femmes_or_318.316.1Vw-150x150.jpg?resize=700%2C400&ssl=1 2x, https:\/\/i0.wp.com\/biblio.brossard.ca\/brossardana\/wp-content\/uploads\/2013\/12\/deux_femmes_or_318.316.1Vw-150x150.jpg?resize=1050%2C600&ssl=1 3x, https:\/\/i0.wp.com\/biblio.brossard.ca\/brossardana\/wp-content\/uploads\/2013\/12\/deux_femmes_or_318.316.1Vw-150x150.jpg?resize=1400%2C800&ssl=1 4x"},"classes":[]}],"_links":{"self":[{"href":"https:\/\/biblio.brossard.ca\/brossardana\/wp-json\/wp\/v2\/posts\/93388","targetHints":{"allow":["GET"]}}],"collection":[{"href":"https:\/\/biblio.brossard.ca\/brossardana\/wp-json\/wp\/v2\/posts"}],"about":[{"href":"https:\/\/biblio.brossard.ca\/brossardana\/wp-json\/wp\/v2\/types\/post"}],"author":[{"embeddable":true,"href":"https:\/\/biblio.brossard.ca\/brossardana\/wp-json\/wp\/v2\/users\/1"}],"replies":[{"embeddable":true,"href":"https:\/\/biblio.brossard.ca\/brossardana\/wp-json\/wp\/v2\/comments?post=93388"}],"version-history":[{"count":10,"href":"https:\/\/biblio.brossard.ca\/brossardana\/wp-json\/wp\/v2\/posts\/93388\/revisions"}],"predecessor-version":[{"id":93586,"href":"https:\/\/biblio.brossard.ca\/brossardana\/wp-json\/wp\/v2\/posts\/93388\/revisions\/93586"}],"wp:attachment":[{"href":"https:\/\/biblio.brossard.ca\/brossardana\/wp-json\/wp\/v2\/media?parent=93388"}],"wp:term":[{"taxonomy":"category","embeddable":true,"href":"https:\/\/biblio.brossard.ca\/brossardana\/wp-json\/wp\/v2\/categories?post=93388"},{"taxonomy":"post_tag","embeddable":true,"href":"https:\/\/biblio.brossard.ca\/brossardana\/wp-json\/wp\/v2\/tags?post=93388"}],"curies":[{"name":"wp","href":"https:\/\/api.w.org\/{rel}","templated":true}]}}